{"id":2695,"date":"2024-12-14T20:17:50","date_gmt":"2024-12-14T20:17:50","guid":{"rendered":"https:\/\/landfrauen-feudenheim.de\/?p=2695"},"modified":"2024-12-14T20:18:08","modified_gmt":"2024-12-14T20:18:08","slug":"weihnachtsfeier-2024","status":"publish","type":"post","link":"https:\/\/landfrauen-feudenheim.de\/index.php\/2024\/12\/14\/weihnachtsfeier-2024\/","title":{"rendered":"Weihnachtsfeier 2024"},"content":{"rendered":"\n[et_pb_section fb_built=&#8220;1&#8243; theme_builder_area=&#8220;post_content&#8220; _builder_version=&#8220;4.27.4&#8243; _module_preset=&#8220;default&#8220;][et_pb_row _builder_version=&#8220;4.27.4&#8243; _module_preset=&#8220;default&#8220; theme_builder_area=&#8220;post_content&#8220;][et_pb_column _builder_version=&#8220;4.27.4&#8243; _module_preset=&#8220;default&#8220; type=&#8220;4_4&#8243; theme_builder_area=&#8220;post_content&#8220;][et_pb_text _builder_version=&#8220;4.27.4&#8243; _module_preset=&#8220;default&#8220; theme_builder_area=&#8220;post_content&#8220; hover_enabled=&#8220;0&#8243; sticky_enabled=&#8220;0&#8243;]<p>Voller Vorfreude trafen 50 LandFrauen und -M\u00e4nner an diesem Abend zusammen, um die Vorweihnachtszeit einzul\u00e4uten. Wie jedes Jahr waren die Tische festlich dekoriert und bald wurde es sehr gesellig.<\/p>\n<p>Ein besinnliches Programm, mit gemeinsamen Singen, vorgetragenen Geschichten und Gedichten, sowie ein kleines St\u00fcck \u00fcber die absurden M\u00f6glichkeiten einer Weihnachtsmann-Bestellung brachte uns abwechselnd zum Schmunzeln und Nachdenken.<\/p>\n<p>Und so ging die Zeit mit gutem Essen und vielen Gespr\u00e4chen, viel zu schnell vorbei.<\/p>\n<p>Mit vielen guten W\u00fcnschen f\u00fcr die kommende Zeit verabschiedeten die LandFrauen sich gegenseitig, um sich hoffentlich bald im Neuen Jahr mit neuem Schwung wiederzusehen.<\/p>\n<p>Text: Tanja Strohmer<\/p>[\/et_pb_text][\/et_pb_column][\/et_pb_row][\/et_pb_section]\n","protected":false},"excerpt":{"rendered":"<p>Voller Vorfreude trafen 50 LandFrauen und -M\u00e4nner an diesem Abend zusammen, um die Vorweihnachtszeit einzul\u00e4uten. Wie jedes Jahr waren die Tische festlich dekoriert und bald wurde es sehr gesellig. Ein besinnliches Programm, mit gemeinsamen Singen, vorgetragenen Geschichten und Gedichten, sowie ein kleines St\u00fcck \u00fcber die absurden M\u00f6glichkeiten einer Weihnachtsmann-Bestellung brachte uns abwechselnd zum Schmunzeln und [&hellip;]<\/p>\n","protected":false},"author":5,"featured_media":2698,"comment_status":"closed","ping_status":"closed","sticky":false,"template":"","format":"standard","meta":{"_et_pb_use_builder":"on","_et_pb_old_content":"","_et_gb_content_width":"","footnotes":""},"categories":[3],"tags":[],"class_list":["post-2695","post","type-post","status-publish","format-standard","has-post-thumbnail","hentry","category-aktuelles"],"_links":{"self":[{"href":"https:\/\/landfrauen-feudenheim.de\/index.php\/wp-json\/wp\/v2\/posts\/2695","targetHints":{"allow":["GET"]}}],"collection":[{"href":"https:\/\/landfrauen-feudenheim.de\/index.php\/wp-json\/wp\/v2\/posts"}],"about":[{"href":"https:\/\/landfrauen-feudenheim.de\/index.php\/wp-json\/wp\/v2\/types\/post"}],"author":[{"embeddable":true,"href":"https:\/\/landfrauen-feudenheim.de\/index.php\/wp-json\/wp\/v2\/users\/5"}],"replies":[{"embeddable":true,"href":"https:\/\/landfrauen-feudenheim.de\/index.php\/wp-json\/wp\/v2\/comments?post=2695"}],"version-history":[{"count":3,"href":"https:\/\/landfrauen-feudenheim.de\/index.php\/wp-json\/wp\/v2\/posts\/2695\/revisions"}],"predecessor-version":[{"id":2699,"href":"https:\/\/landfrauen-feudenheim.de\/index.php\/wp-json\/wp\/v2\/posts\/2695\/revisions\/2699"}],"wp:featuredmedia":[{"embeddable":true,"href":"https:\/\/landfrauen-feudenheim.de\/index.php\/wp-json\/wp\/v2\/media\/2698"}],"wp:attachment":[{"href":"https:\/\/landfrauen-feudenheim.de\/index.php\/wp-json\/wp\/v2\/media?parent=2695"}],"wp:term":[{"taxonomy":"category","embeddable":true,"href":"https:\/\/landfrauen-feudenheim.de\/index.php\/wp-json\/wp\/v2\/categories?post=2695"},{"taxonomy":"post_tag","embeddable":true,"href":"https:\/\/landfrauen-feudenheim.de\/index.php\/wp-json\/wp\/v2\/tags?post=2695"}],"curies":[{"name":"wp","href":"https:\/\/api.w.org\/{rel}","templated":true}]}}