{"id":2610,"date":"2024-11-11T13:14:34","date_gmt":"2024-11-11T13:14:34","guid":{"rendered":"https:\/\/landfrauen-feudenheim.de\/?p=2610"},"modified":"2024-11-11T13:18:46","modified_gmt":"2024-11-11T13:18:46","slug":"ausflug-nach-sinsheim-in-die-klimaarena","status":"publish","type":"post","link":"https:\/\/landfrauen-feudenheim.de\/index.php\/2024\/11\/11\/ausflug-nach-sinsheim-in-die-klimaarena\/","title":{"rendered":"Ausflug nach Sinsheim in die KlimaArena"},"content":{"rendered":"<p>[et_pb_section fb_built=&#8220;1&#8243; _builder_version=&#8220;4.27.3&#8243; _module_preset=&#8220;default&#8220; global_colors_info=&#8220;{}&#8220;][et_pb_row _builder_version=&#8220;4.27.3&#8243; _module_preset=&#8220;default&#8220; global_colors_info=&#8220;{}&#8220;][et_pb_column type=&#8220;4_4&#8243; _builder_version=&#8220;4.27.3&#8243; _module_preset=&#8220;default&#8220; global_colors_info=&#8220;{}&#8220;][et_pb_text _builder_version=&#8220;4.27.3&#8243; _module_preset=&#8220;default&#8220; global_colors_info=&#8220;{}&#8220;]<\/p>\n<p><strong><u>Bericht Jahresausflug<\/u><\/strong><\/p>\n<p><strong><u>Sinsheim KlimaArena und Caf\u00e9 Excellent<\/u><\/strong><\/p>\n<p>P\u00fcnktlich um 08:45 Uhr versammelten sich 19 LandFrauen auf dem Spessartplatz an ihrem Bus.<\/p>\n<p>Ingrid Heller begr\u00fc\u00dfte und stellte kurz den Ablauf des Tages vor.<\/p>\n<p>Um 10:00 Uhr kamen wir an der KlimaArena in Sinsheim an und wurde dort mit einem Sekt, Orangensaft und einer Brezel von Nicole R\u00fchl begr\u00fc\u00dft.<\/p>\n<p>So gest\u00e4rkt begannen wir unsere erste einst\u00fcndige F\u00fchrung durch die Arena. Diese f\u00fchrte uns durch die gro\u00dfen Herausforderungen unserer Zeit: Weltklima, Naturschutz, Nachhaltigkeit und auch den Ressourcenschutz. Interaktiv begleitet lernten wir die Grundlagen des Klimawandels \u00fcber die Mobilit\u00e4t bis hin zum Lebensstil und Konsum. Komplexe Zusammenh\u00e4nge lassen sich an den interaktiven Stationen erkunden. Das gemeinsame Erleben und der direkte Austausch im Gespr\u00e4ch schafften ein gemeinsames Bewusstsein f\u00fcr die Herausforderungen des Klimawandels.<\/p>\n<p>In der Au\u00dfenanlage erfuhren wir auch etwas \u00fcber die Natur, als Lebens- und Wirtschaftsraum als wichtiges Element und wir warfen einen Blick auf die \u201eStadt der Zukunft\u201c.<\/p>\n<p>Ein vegetarisches Mittagessen erwartete uns im hellen Veranstaltungsraum der KlimaArena und hier st\u00e4rkten wir uns gem\u00fctlich, bevor einige zur zweiten technischen F\u00fchrung hinter die Kulissen unterwegs waren. Wir staunten nicht schlecht was hier alles geboten wurde und mit welchem Aufwand diese Ausstellungen betrieben wird.<\/p>\n<p>Gut gelaunt mit viel neuem Wissen stiegen wir wieder in den Bus, der uns n\u00e4her an den hei\u00df ersehnten Kaffee brachte. Nach einem kurzen Weg betraten wir die kleine Chocolaterie, die nicht nur leckeren Kaffee und Kuchen f\u00fcr uns bereithielt, sondern auch viel leckere Confiserie f\u00fcr jeden Geschmack zu bieten hatte.<\/p>\n<p>So verw\u00f6hnt stiegen wir wieder in den Bus und fuhren mit vielen Eindr\u00fccken und gro\u00dfartigen Gespr\u00e4chen wieder nachhause.<\/p>\n<p>\u00a0Text: Tanja Strohmer<\/p>\n<p>&nbsp;<\/p>\n<p>&nbsp;<\/p>\n<p>&nbsp;<\/p>\n<p>&nbsp;<\/p>\n<p>[\/et_pb_text][\/et_pb_column][\/et_pb_row][et_pb_row _builder_version=&#8220;4.27.3&#8243; _module_preset=&#8220;default&#8220; global_colors_info=&#8220;{}&#8220;][et_pb_column type=&#8220;4_4&#8243; _builder_version=&#8220;4.27.3&#8243; _module_preset=&#8220;default&#8220; global_colors_info=&#8220;{}&#8220;][\/et_pb_column][\/et_pb_row][\/et_pb_section]<\/p>\n","protected":false},"excerpt":{"rendered":"<p>Bericht Jahresausflug Sinsheim KlimaArena und Caf\u00e9 Excellent P\u00fcnktlich um 08:45 Uhr versammelten sich 19 LandFrauen auf dem Spessartplatz an ihrem Bus. Ingrid Heller begr\u00fc\u00dfte und stellte kurz den Ablauf des Tages vor. Um 10:00 Uhr kamen wir an der KlimaArena in Sinsheim an und wurde dort mit einem Sekt, Orangensaft und einer Brezel von Nicole [&hellip;]<\/p>\n","protected":false},"author":5,"featured_media":2618,"comment_status":"closed","ping_status":"closed","sticky":false,"template":"","format":"standard","meta":{"_et_pb_use_builder":"on","_et_pb_old_content":"","_et_gb_content_width":"","footnotes":""},"categories":[3],"tags":[],"class_list":["post-2610","post","type-post","status-publish","format-standard","has-post-thumbnail","hentry","category-aktuelles"],"_links":{"self":[{"href":"https:\/\/landfrauen-feudenheim.de\/index.php\/wp-json\/wp\/v2\/posts\/2610","targetHints":{"allow":["GET"]}}],"collection":[{"href":"https:\/\/landfrauen-feudenheim.de\/index.php\/wp-json\/wp\/v2\/posts"}],"about":[{"href":"https:\/\/landfrauen-feudenheim.de\/index.php\/wp-json\/wp\/v2\/types\/post"}],"author":[{"embeddable":true,"href":"https:\/\/landfrauen-feudenheim.de\/index.php\/wp-json\/wp\/v2\/users\/5"}],"replies":[{"embeddable":true,"href":"https:\/\/landfrauen-feudenheim.de\/index.php\/wp-json\/wp\/v2\/comments?post=2610"}],"version-history":[{"count":6,"href":"https:\/\/landfrauen-feudenheim.de\/index.php\/wp-json\/wp\/v2\/posts\/2610\/revisions"}],"predecessor-version":[{"id":2624,"href":"https:\/\/landfrauen-feudenheim.de\/index.php\/wp-json\/wp\/v2\/posts\/2610\/revisions\/2624"}],"wp:featuredmedia":[{"embeddable":true,"href":"https:\/\/landfrauen-feudenheim.de\/index.php\/wp-json\/wp\/v2\/media\/2618"}],"wp:attachment":[{"href":"https:\/\/landfrauen-feudenheim.de\/index.php\/wp-json\/wp\/v2\/media?parent=2610"}],"wp:term":[{"taxonomy":"category","embeddable":true,"href":"https:\/\/landfrauen-feudenheim.de\/index.php\/wp-json\/wp\/v2\/categories?post=2610"},{"taxonomy":"post_tag","embeddable":true,"href":"https:\/\/landfrauen-feudenheim.de\/index.php\/wp-json\/wp\/v2\/tags?post=2610"}],"curies":[{"name":"wp","href":"https:\/\/api.w.org\/{rel}","templated":true}]}}