{"id":2570,"date":"2024-06-23T11:03:01","date_gmt":"2024-06-23T11:03:01","guid":{"rendered":"https:\/\/landfrauen-feudenheim.de\/?p=2570"},"modified":"2024-11-11T12:29:38","modified_gmt":"2024-11-11T12:29:38","slug":"landfrauen-ausflug-in-die-klima-arena-sinsheim-am-21-09-2024","status":"publish","type":"post","link":"https:\/\/landfrauen-feudenheim.de\/index.php\/2024\/06\/23\/landfrauen-ausflug-in-die-klima-arena-sinsheim-am-21-09-2024\/","title":{"rendered":"LandFrauen Ausflug in die Klima-Arena Sinsheim am 21.09.2024"},"content":{"rendered":"\n[et_pb_section fb_built=&#8220;1&#8243; theme_builder_area=&#8220;post_content&#8220; _builder_version=&#8220;4.25.2&#8243; _module_preset=&#8220;default&#8220;][et_pb_row _builder_version=&#8220;4.25.2&#8243; _module_preset=&#8220;default&#8220; theme_builder_area=&#8220;post_content&#8220;][et_pb_column _builder_version=&#8220;4.25.2&#8243; _module_preset=&#8220;default&#8220; type=&#8220;4_4&#8243; theme_builder_area=&#8220;post_content&#8220;][et_pb_text _builder_version=&#8220;4.25.2&#8243; _module_preset=&#8220;default&#8220; theme_builder_area=&#8220;post_content&#8220; hover_enabled=&#8220;0&#8243; sticky_enabled=&#8220;0&#8243;]<p>In diesem Jahr f\u00fchrt uns unser Ausflug in die Klima-Arena nach Sinsheim.<\/p>\n<p>Unser Bus bringt uns nach Sinsheim. Dort erkunden wir bei einer F\u00fchrung die Ausstellung der Klima-Arena. Nach einer kleinen St\u00e4rkung geht es weiter ins Kaffeehaus Excellent wo wir uns Kaffee und Kuchen schmecken lassen k\u00f6nnen.<\/p>\n<p>Wir haben kurzfristig noch Pl\u00e4tze frei. Anmeldeschluss ist Mittwoch, 26.06.2024.<\/p>\n<p>Alle Informationen gibt es hier: <a href=\"https:\/\/landfrauen-feudenheim.de\/wp-content\/uploads\/2024\/06\/2024.09.21-LandFrauen_Jahresausflug-Einladung.pdf\" rel=\"attachment wp-att-2573\">2024.09.21 LandFrauen_Jahresausflug Einladung<\/a><\/p>[\/et_pb_text][\/et_pb_column][\/et_pb_row][\/et_pb_section]\n","protected":false},"excerpt":{"rendered":"<p>In diesem Jahr f\u00fchrt uns unser Ausflug in die Klima-Arena nach Sinsheim. Unser Bus bringt uns nach Sinsheim. Dort erkunden wir bei einer F\u00fchrung die Ausstellung der Klima-Arena. Nach einer kleinen St\u00e4rkung geht es weiter ins Kaffeehaus Excellent wo wir uns Kaffee und Kuchen schmecken lassen k\u00f6nnen. Wir haben kurzfristig noch Pl\u00e4tze frei. Anmeldeschluss ist [&hellip;]<\/p>\n","protected":false},"author":5,"featured_media":2577,"comment_status":"closed","ping_status":"closed","sticky":false,"template":"","format":"standard","meta":{"_et_pb_use_builder":"on","_et_pb_old_content":"","_et_gb_content_width":"","footnotes":""},"categories":[1],"tags":[],"class_list":["post-2570","post","type-post","status-publish","format-standard","has-post-thumbnail","hentry","category-uncategorized"],"_links":{"self":[{"href":"https:\/\/landfrauen-feudenheim.de\/index.php\/wp-json\/wp\/v2\/posts\/2570","targetHints":{"allow":["GET"]}}],"collection":[{"href":"https:\/\/landfrauen-feudenheim.de\/index.php\/wp-json\/wp\/v2\/posts"}],"about":[{"href":"https:\/\/landfrauen-feudenheim.de\/index.php\/wp-json\/wp\/v2\/types\/post"}],"author":[{"embeddable":true,"href":"https:\/\/landfrauen-feudenheim.de\/index.php\/wp-json\/wp\/v2\/users\/5"}],"replies":[{"embeddable":true,"href":"https:\/\/landfrauen-feudenheim.de\/index.php\/wp-json\/wp\/v2\/comments?post=2570"}],"version-history":[{"count":3,"href":"https:\/\/landfrauen-feudenheim.de\/index.php\/wp-json\/wp\/v2\/posts\/2570\/revisions"}],"predecessor-version":[{"id":2576,"href":"https:\/\/landfrauen-feudenheim.de\/index.php\/wp-json\/wp\/v2\/posts\/2570\/revisions\/2576"}],"wp:featuredmedia":[{"embeddable":true,"href":"https:\/\/landfrauen-feudenheim.de\/index.php\/wp-json\/wp\/v2\/media\/2577"}],"wp:attachment":[{"href":"https:\/\/landfrauen-feudenheim.de\/index.php\/wp-json\/wp\/v2\/media?parent=2570"}],"wp:term":[{"taxonomy":"category","embeddable":true,"href":"https:\/\/landfrauen-feudenheim.de\/index.php\/wp-json\/wp\/v2\/categories?post=2570"},{"taxonomy":"post_tag","embeddable":true,"href":"https:\/\/landfrauen-feudenheim.de\/index.php\/wp-json\/wp\/v2\/tags?post=2570"}],"curies":[{"name":"wp","href":"https:\/\/api.w.org\/{rel}","templated":true}]}}