{"id":2503,"date":"2024-04-14T10:00:56","date_gmt":"2024-04-14T10:00:56","guid":{"rendered":"https:\/\/landfrauen-feudenheim.de\/?p=2503"},"modified":"2024-04-14T10:24:19","modified_gmt":"2024-04-14T10:24:19","slug":"vortrag-ueber-marokko","status":"publish","type":"post","link":"https:\/\/landfrauen-feudenheim.de\/index.php\/2024\/04\/14\/vortrag-ueber-marokko\/","title":{"rendered":"Vortrag \u00fcber Marokko"},"content":{"rendered":"\n[et_pb_section fb_built=&#8220;1&#8243; theme_builder_area=&#8220;post_content&#8220; _builder_version=&#8220;4.24.3&#8243; _module_preset=&#8220;default&#8220;][et_pb_row _builder_version=&#8220;4.24.3&#8243; _module_preset=&#8220;default&#8220; theme_builder_area=&#8220;post_content&#8220;][et_pb_column _builder_version=&#8220;4.24.3&#8243; _module_preset=&#8220;default&#8220; type=&#8220;4_4&#8243; theme_builder_area=&#8220;post_content&#8220;][et_pb_text _builder_version=&#8220;4.24.3&#8243; _module_preset=&#8220;default&#8220; theme_builder_area=&#8220;post_content&#8220; hover_enabled=&#8220;0&#8243; sticky_enabled=&#8220;0&#8243;]<p>Am Vortragabend wurden wir von Gundi Heckmann begr\u00fc\u00dft, die uns auch gleich unsere Referentin Fouzia Mahmoud bekannt aus der Abendakademie mit internationale Kochseminare vorstellte. Nicht nur hier ist die sympathische Frau Mahmoud aktiv auch im Migrationsbeirat der Stadt und dem Verein Das Arabische Haus e. V., sowie bei den Gr\u00fcnen.<\/p>\n<p>Und dann ging es auch schon los, abwechslungsreich lernten wird das K\u00f6nigreich Marokko von der Atlantikk\u00fcste \u00fcber das Atlasgebirge zu den W\u00fcsten, von den St\u00e4dten Marrakesch, Rabat und Fes bis zu den D\u00f6rfern mit ihrer Gastfreundschaft kennen. Wir erlebten die abwechslungsreichen, bunten M\u00e4rkte kennen. Wir sprachen \u00fcber die Kultur, den Tourismus und dem Essen.<\/p>\n<p>Das wir nach dem Vortag und probieren und genie\u00dfen konnten und auch noch die ein oder andere Frage stellten.<\/p>\n<p>Viel zu schnell ging der Abend zu Ende und wir wurden von Beate Stroh mit einem marokkanischen Sprichwort passend verabschiedet.<\/p>\n<p>Text: Tanja Strohmer<\/p>[\/et_pb_text][\/et_pb_column][\/et_pb_row][\/et_pb_section]\n","protected":false},"excerpt":{"rendered":"<p>Am Vortragabend wurden wir von Gundi Heckmann begr\u00fc\u00dft, die uns auch gleich unsere Referentin Fouzia Mahmoud bekannt aus der Abendakademie mit internationale Kochseminare vorstellte. Nicht nur hier ist die sympathische Frau Mahmoud aktiv auch im Migrationsbeirat der Stadt und dem Verein Das Arabische Haus e. V., sowie bei den Gr\u00fcnen. Und dann ging es auch [&hellip;]<\/p>\n","protected":false},"author":5,"featured_media":0,"comment_status":"closed","ping_status":"closed","sticky":false,"template":"","format":"standard","meta":{"_et_pb_use_builder":"on","_et_pb_old_content":"","_et_gb_content_width":"","footnotes":""},"categories":[3],"tags":[],"class_list":["post-2503","post","type-post","status-publish","format-standard","hentry","category-aktuelles"],"_links":{"self":[{"href":"https:\/\/landfrauen-feudenheim.de\/index.php\/wp-json\/wp\/v2\/posts\/2503","targetHints":{"allow":["GET"]}}],"collection":[{"href":"https:\/\/landfrauen-feudenheim.de\/index.php\/wp-json\/wp\/v2\/posts"}],"about":[{"href":"https:\/\/landfrauen-feudenheim.de\/index.php\/wp-json\/wp\/v2\/types\/post"}],"author":[{"embeddable":true,"href":"https:\/\/landfrauen-feudenheim.de\/index.php\/wp-json\/wp\/v2\/users\/5"}],"replies":[{"embeddable":true,"href":"https:\/\/landfrauen-feudenheim.de\/index.php\/wp-json\/wp\/v2\/comments?post=2503"}],"version-history":[{"count":3,"href":"https:\/\/landfrauen-feudenheim.de\/index.php\/wp-json\/wp\/v2\/posts\/2503\/revisions"}],"predecessor-version":[{"id":2507,"href":"https:\/\/landfrauen-feudenheim.de\/index.php\/wp-json\/wp\/v2\/posts\/2503\/revisions\/2507"}],"wp:attachment":[{"href":"https:\/\/landfrauen-feudenheim.de\/index.php\/wp-json\/wp\/v2\/media?parent=2503"}],"wp:term":[{"taxonomy":"category","embeddable":true,"href":"https:\/\/landfrauen-feudenheim.de\/index.php\/wp-json\/wp\/v2\/categories?post=2503"},{"taxonomy":"post_tag","embeddable":true,"href":"https:\/\/landfrauen-feudenheim.de\/index.php\/wp-json\/wp\/v2\/tags?post=2503"}],"curies":[{"name":"wp","href":"https:\/\/api.w.org\/{rel}","templated":true}]}}