{"id":2488,"date":"2024-04-14T09:15:47","date_gmt":"2024-04-14T09:15:47","guid":{"rendered":"https:\/\/landfrauen-feudenheim.de\/?p=2488"},"modified":"2024-04-14T10:25:00","modified_gmt":"2024-04-14T10:25:00","slug":"buergertaler-2024-landfrauen-halten-laudatio","status":"publish","type":"post","link":"https:\/\/landfrauen-feudenheim.de\/index.php\/2024\/04\/14\/buergertaler-2024-landfrauen-halten-laudatio\/","title":{"rendered":"B\u00fcrgertaler 2024 -LandFrauen halten Laudatio-"},"content":{"rendered":"\n[et_pb_section fb_built=&#8220;1&#8243; theme_builder_area=&#8220;post_content&#8220; _builder_version=&#8220;4.24.3&#8243; _module_preset=&#8220;default&#8220;][et_pb_row _builder_version=&#8220;4.24.3&#8243; _module_preset=&#8220;default&#8220; theme_builder_area=&#8220;post_content&#8220;][et_pb_column _builder_version=&#8220;4.24.3&#8243; _module_preset=&#8220;default&#8220; type=&#8220;4_4&#8243; theme_builder_area=&#8220;post_content&#8220;][et_pb_text _builder_version=&#8220;4.24.3&#8243; _module_preset=&#8220;default&#8220; theme_builder_area=&#8220;post_content&#8220; hover_enabled=&#8220;0&#8243; sticky_enabled=&#8220;0&#8243;]<p><strong><u>Verleihung des Feudenheimer B\u00fcrgertalers\u00a0<\/u><\/strong><\/p>\n<p>Nach dem uns letztes Jahr die Auszeichnung f\u00fcr unser ehrenamtliches Engagement in Feudenheim \u00fcberraschend \u00fcberreicht wurde, waren wir dieses Jahr dran, den neuen Ehrentr\u00e4ger bekannt geben zu d\u00fcrfen.<\/p>\n<p>Unser Vorstand Beate Stroh hatte hierf\u00fcr eine tolle Laudatio geschrieben und lange versucht den Ehrentr\u00e4ger m\u00f6glichst lange darin geheim zu halten.<\/p>\n<p>Doch bei den vielen Projekten und Taten die er rund um Feudenheim in seinem Leben durchgef\u00fchrt hatte war es vielen doch Recht schnell klar, wer der neue Inhaber des Feudenheimer B\u00fcrgertalers sein wird.<\/p>\n<p>Wir gratulieren Herrn Alois Putzer herzlichst zum Feudenheimer B\u00fcrgertaler.<\/p>\n<p>Text: Tanja Strohmer<\/p>[\/et_pb_text][\/et_pb_column][\/et_pb_row][\/et_pb_section]\n","protected":false},"excerpt":{"rendered":"<p>Verleihung des Feudenheimer B\u00fcrgertalers\u00a0 Nach dem uns letztes Jahr die Auszeichnung f\u00fcr unser ehrenamtliches Engagement in Feudenheim \u00fcberraschend \u00fcberreicht wurde, waren wir dieses Jahr dran, den neuen Ehrentr\u00e4ger bekannt geben zu d\u00fcrfen. Unser Vorstand Beate Stroh hatte hierf\u00fcr eine tolle Laudatio geschrieben und lange versucht den Ehrentr\u00e4ger m\u00f6glichst lange darin geheim zu halten. Doch bei [&hellip;]<\/p>\n","protected":false},"author":5,"featured_media":2491,"comment_status":"closed","ping_status":"closed","sticky":false,"template":"","format":"standard","meta":{"_et_pb_use_builder":"on","_et_pb_old_content":"","_et_gb_content_width":"","footnotes":""},"categories":[3],"tags":[],"class_list":["post-2488","post","type-post","status-publish","format-standard","has-post-thumbnail","hentry","category-aktuelles"],"_links":{"self":[{"href":"https:\/\/landfrauen-feudenheim.de\/index.php\/wp-json\/wp\/v2\/posts\/2488","targetHints":{"allow":["GET"]}}],"collection":[{"href":"https:\/\/landfrauen-feudenheim.de\/index.php\/wp-json\/wp\/v2\/posts"}],"about":[{"href":"https:\/\/landfrauen-feudenheim.de\/index.php\/wp-json\/wp\/v2\/types\/post"}],"author":[{"embeddable":true,"href":"https:\/\/landfrauen-feudenheim.de\/index.php\/wp-json\/wp\/v2\/users\/5"}],"replies":[{"embeddable":true,"href":"https:\/\/landfrauen-feudenheim.de\/index.php\/wp-json\/wp\/v2\/comments?post=2488"}],"version-history":[{"count":3,"href":"https:\/\/landfrauen-feudenheim.de\/index.php\/wp-json\/wp\/v2\/posts\/2488\/revisions"}],"predecessor-version":[{"id":2492,"href":"https:\/\/landfrauen-feudenheim.de\/index.php\/wp-json\/wp\/v2\/posts\/2488\/revisions\/2492"}],"wp:featuredmedia":[{"embeddable":true,"href":"https:\/\/landfrauen-feudenheim.de\/index.php\/wp-json\/wp\/v2\/media\/2491"}],"wp:attachment":[{"href":"https:\/\/landfrauen-feudenheim.de\/index.php\/wp-json\/wp\/v2\/media?parent=2488"}],"wp:term":[{"taxonomy":"category","embeddable":true,"href":"https:\/\/landfrauen-feudenheim.de\/index.php\/wp-json\/wp\/v2\/categories?post=2488"},{"taxonomy":"post_tag","embeddable":true,"href":"https:\/\/landfrauen-feudenheim.de\/index.php\/wp-json\/wp\/v2\/tags?post=2488"}],"curies":[{"name":"wp","href":"https:\/\/api.w.org\/{rel}","templated":true}]}}