{"id":2484,"date":"2024-04-14T09:00:27","date_gmt":"2024-04-14T09:00:27","guid":{"rendered":"https:\/\/landfrauen-feudenheim.de\/?p=2484"},"modified":"2024-04-14T10:25:06","modified_gmt":"2024-04-14T10:25:06","slug":"jahreshauptversammlung-am-28-02-2024","status":"publish","type":"post","link":"https:\/\/landfrauen-feudenheim.de\/index.php\/2024\/04\/14\/jahreshauptversammlung-am-28-02-2024\/","title":{"rendered":"Jahreshauptversammlung am 28.02.2024"},"content":{"rendered":"\n[et_pb_section fb_built=&#8220;1&#8243; theme_builder_area=&#8220;post_content&#8220; _builder_version=&#8220;4.24.3&#8243; _module_preset=&#8220;default&#8220;][et_pb_row _builder_version=&#8220;4.24.3&#8243; _module_preset=&#8220;default&#8220; theme_builder_area=&#8220;post_content&#8220;][et_pb_column _builder_version=&#8220;4.24.3&#8243; _module_preset=&#8220;default&#8220; type=&#8220;4_4&#8243; theme_builder_area=&#8220;post_content&#8220;][et_pb_text _builder_version=&#8220;4.24.3&#8243; _module_preset=&#8220;default&#8220; theme_builder_area=&#8220;post_content&#8220; hover_enabled=&#8220;0&#8243; sticky_enabled=&#8220;0&#8243;]<p>Sehr gut besucht war dieses Jahr unsere Jahreshauptversammlung in der der Steubenklause in der Neckarstr. 22a. 43 LandFrauen und 1 Landmann, 2 KreisLandFrauen Birgit Rinklef und Nanette Frey sowie unsere Elvira Jakoby (Presse) und wurden von unserem Vorstand Ingrid Heller mit einem Gedicht von Goethe begr\u00fc\u00dft.<\/p>\n<p>Tina Sch\u00f6nleber freute sich \u00fcber den Spendenscheck \u00fcberreicht durch unseren Vorstand Susanne Spatz, \u00fcber 500 EUR f\u00fcr den ASB-W\u00fcnschewagen und stellt uns das Projekt vor.<\/p>\n<p>Nach dem Kassenbericht und der Entlastung des Vorstandes, gab es einen bunten Jahresr\u00fcckblick durch unser Vereinsjahr.<\/p>\n<p>Vorstand Beate Stroh teilte allen Mitglieder noch die n\u00e4chsten Termine und Neuigkeiten mit:<\/p>\n<p>10.03. Teilnahme am Sommertagsumzug, 16.03. Teilnahme am Ostermarkt und Einweihung des Osterbrunnens, 27.04. Standdienst auf dem Maimarkt, Jahresausflug zur Klima Arena nach Sinsheim.<\/p>\n<p>Text: Tanja Strohmer<\/p>[\/et_pb_text][\/et_pb_column][\/et_pb_row][\/et_pb_section]\n","protected":false},"excerpt":{"rendered":"<p>Sehr gut besucht war dieses Jahr unsere Jahreshauptversammlung in der der Steubenklause in der Neckarstr. 22a. 43 LandFrauen und 1 Landmann, 2 KreisLandFrauen Birgit Rinklef und Nanette Frey sowie unsere Elvira Jakoby (Presse) und wurden von unserem Vorstand Ingrid Heller mit einem Gedicht von Goethe begr\u00fc\u00dft. Tina Sch\u00f6nleber freute sich \u00fcber den Spendenscheck \u00fcberreicht durch [&hellip;]<\/p>\n","protected":false},"author":5,"featured_media":0,"comment_status":"closed","ping_status":"closed","sticky":false,"template":"","format":"standard","meta":{"_et_pb_use_builder":"on","_et_pb_old_content":"","_et_gb_content_width":"","footnotes":""},"categories":[3],"tags":[],"class_list":["post-2484","post","type-post","status-publish","format-standard","hentry","category-aktuelles"],"_links":{"self":[{"href":"https:\/\/landfrauen-feudenheim.de\/index.php\/wp-json\/wp\/v2\/posts\/2484","targetHints":{"allow":["GET"]}}],"collection":[{"href":"https:\/\/landfrauen-feudenheim.de\/index.php\/wp-json\/wp\/v2\/posts"}],"about":[{"href":"https:\/\/landfrauen-feudenheim.de\/index.php\/wp-json\/wp\/v2\/types\/post"}],"author":[{"embeddable":true,"href":"https:\/\/landfrauen-feudenheim.de\/index.php\/wp-json\/wp\/v2\/users\/5"}],"replies":[{"embeddable":true,"href":"https:\/\/landfrauen-feudenheim.de\/index.php\/wp-json\/wp\/v2\/comments?post=2484"}],"version-history":[{"count":3,"href":"https:\/\/landfrauen-feudenheim.de\/index.php\/wp-json\/wp\/v2\/posts\/2484\/revisions"}],"predecessor-version":[{"id":2487,"href":"https:\/\/landfrauen-feudenheim.de\/index.php\/wp-json\/wp\/v2\/posts\/2484\/revisions\/2487"}],"wp:attachment":[{"href":"https:\/\/landfrauen-feudenheim.de\/index.php\/wp-json\/wp\/v2\/media?parent=2484"}],"wp:term":[{"taxonomy":"category","embeddable":true,"href":"https:\/\/landfrauen-feudenheim.de\/index.php\/wp-json\/wp\/v2\/categories?post=2484"},{"taxonomy":"post_tag","embeddable":true,"href":"https:\/\/landfrauen-feudenheim.de\/index.php\/wp-json\/wp\/v2\/tags?post=2484"}],"curies":[{"name":"wp","href":"https:\/\/api.w.org\/{rel}","templated":true}]}}