{"id":2284,"date":"2022-12-20T18:07:11","date_gmt":"2022-12-20T18:07:11","guid":{"rendered":"https:\/\/landfrauen-feudenheim.de\/?p=2284"},"modified":"2023-03-17T13:14:13","modified_gmt":"2023-03-17T13:14:13","slug":"feudenheimer-landfrauen-auf-dem-mannheimer-weihnachtsmarkt","status":"publish","type":"post","link":"https:\/\/landfrauen-feudenheim.de\/index.php\/2022\/12\/20\/feudenheimer-landfrauen-auf-dem-mannheimer-weihnachtsmarkt\/","title":{"rendered":"Feudenheimer LandFrauen auf dem Mannheimer Weihnachtsmarkt"},"content":{"rendered":"\n\n[et_pb_section fb_built=&#8220;1&#8243; _builder_version=&#8220;4.19.4&#8243; _module_preset=&#8220;default&#8220; global_colors_info=&#8220;{}&#8220;][et_pb_row _builder_version=&#8220;4.19.4&#8243; _module_preset=&#8220;default&#8220; global_colors_info=&#8220;{}&#8220;][et_pb_column type=&#8220;4_4&#8243; _builder_version=&#8220;4.19.4&#8243; _module_preset=&#8220;default&#8220; global_colors_info=&#8220;{}&#8220;][et_pb_text _builder_version=&#8220;4.19.4&#8243; _module_preset=&#8220;default&#8220; global_colors_info=&#8220;{}&#8220;]<p>Nach zweij\u00e4hriger Pause konnten die Kreislandfrauen Mannheim wieder selbstgemachte Marmelade verkaufen. Die Nachfrage war gro\u00df und die Weihnachtsmarkt Besucher kauften die Marmeladengl\u00e4ser gerne, weil der Erl\u00f6s dem Kinder- und Jugendheim St. Josef gespendet wird.<\/p>\n<p>&nbsp;<\/p>\n<p>Ingrid Heller<\/p>\n<p>&nbsp;<\/p>\n<p>&nbsp;<\/p>\n<p>&nbsp;<\/p>\n<p>&nbsp;<\/p>\n<p><img loading=\"lazy\" decoding=\"async\" src=\"https:\/\/landfrauen-feudenheim.de\/wp-content\/uploads\/2022\/12\/WhatsApp-Image-2022-12-11-at-14.48.16-300x225.jpeg\" width=\"300\" height=\"225\" alt=\"\" class=\"wp-image-2286 alignnone size-medium\" \/><\/p>[\/et_pb_text][\/et_pb_column][\/et_pb_row][\/et_pb_section][et_pb_section fb_built=&#8220;1&#8243; _builder_version=&#8220;4.19.4&#8243; _module_preset=&#8220;default&#8220; global_colors_info=&#8220;{}&#8220;][\/et_pb_section]\n\n","protected":false},"excerpt":{"rendered":"<p>Nach zweij\u00e4hriger Pause konnten die Kreislandfrauen Mannheim wieder selbstgemachte Marmelade verkaufen. Die Nachfrage war gro\u00df und die Weihnachtsmarkt Besucher kauften die Marmeladengl\u00e4ser gerne, weil der Erl\u00f6s dem Kinder- und Jugendheim St. Josef gespendet wird. &nbsp; Ingrid Heller &nbsp; &nbsp; &nbsp; &nbsp;<\/p>\n","protected":false},"author":5,"featured_media":2285,"comment_status":"closed","ping_status":"closed","sticky":false,"template":"","format":"standard","meta":{"_et_pb_use_builder":"on","_et_pb_old_content":"","_et_gb_content_width":"","footnotes":""},"categories":[10],"tags":[],"class_list":["post-2284","post","type-post","status-publish","format-standard","has-post-thumbnail","hentry","category-berichte"],"_links":{"self":[{"href":"https:\/\/landfrauen-feudenheim.de\/index.php\/wp-json\/wp\/v2\/posts\/2284","targetHints":{"allow":["GET"]}}],"collection":[{"href":"https:\/\/landfrauen-feudenheim.de\/index.php\/wp-json\/wp\/v2\/posts"}],"about":[{"href":"https:\/\/landfrauen-feudenheim.de\/index.php\/wp-json\/wp\/v2\/types\/post"}],"author":[{"embeddable":true,"href":"https:\/\/landfrauen-feudenheim.de\/index.php\/wp-json\/wp\/v2\/users\/5"}],"replies":[{"embeddable":true,"href":"https:\/\/landfrauen-feudenheim.de\/index.php\/wp-json\/wp\/v2\/comments?post=2284"}],"version-history":[{"count":0,"href":"https:\/\/landfrauen-feudenheim.de\/index.php\/wp-json\/wp\/v2\/posts\/2284\/revisions"}],"wp:featuredmedia":[{"embeddable":true,"href":"https:\/\/landfrauen-feudenheim.de\/index.php\/wp-json\/wp\/v2\/media\/2285"}],"wp:attachment":[{"href":"https:\/\/landfrauen-feudenheim.de\/index.php\/wp-json\/wp\/v2\/media?parent=2284"}],"wp:term":[{"taxonomy":"category","embeddable":true,"href":"https:\/\/landfrauen-feudenheim.de\/index.php\/wp-json\/wp\/v2\/categories?post=2284"},{"taxonomy":"post_tag","embeddable":true,"href":"https:\/\/landfrauen-feudenheim.de\/index.php\/wp-json\/wp\/v2\/tags?post=2284"}],"curies":[{"name":"wp","href":"https:\/\/api.w.org\/{rel}","templated":true}]}}